{"id":34185,"date":"2026-07-15T21:19:49","date_gmt":"2026-07-15T19:19:49","guid":{"rendered":"https:\/\/na.abetlaminati.com\/breaking-ground-in-johnson-creek-wisconsin\/"},"modified":"2026-07-21T17:28:25","modified_gmt":"2026-07-21T15:28:25","slug":"breaking-ground-in-johnson-creek-wisconsin","status":"publish","type":"post","link":"https:\/\/na.abetlaminati.com\/fr\/breaking-ground-in-johnson-creek-wisconsin\/","title":{"rendered":"C\u00e9r\u00e9monie d&rsquo;inauguration des travaux \u00e0 Johnson Creek, au Wisconsin"},"content":{"rendered":"\t\t<div data-elementor-type=\"wp-post\" data-elementor-id=\"34185\" class=\"elementor elementor-34185 elementor-34143\" data-elementor-post-type=\"post\">\n\t\t\t\t\t\t<section class=\"elementor-section elementor-top-section elementor-element elementor-element-546c1638 elementor-section-boxed elementor-section-height-default elementor-section-height-default\" data-id=\"546c1638\" data-element_type=\"section\" data-e-type=\"section\">\n\t\t\t\t\t\t<div class=\"elementor-container elementor-column-gap-default\">\n\t\t\t\t\t<div class=\"elementor-column elementor-col-100 elementor-top-column elementor-element elementor-element-72bce565\" data-id=\"72bce565\" data-element_type=\"column\" data-e-type=\"column\">\n\t\t\t<div class=\"elementor-widget-wrap elementor-element-populated\">\n\t\t\t\t\t\t<div class=\"elementor-element elementor-element-ccc1c8c elementor-widget elementor-widget-theme-post-featured-image elementor-widget-image\" data-id=\"ccc1c8c\" data-element_type=\"widget\" data-e-type=\"widget\" data-widget_type=\"theme-post-featured-image.default\">\n\t\t\t\t<div class=\"elementor-widget-container\">\n\t\t\t\t\t\t\t\t\t\t\t\t\t\t\t<img fetchpriority=\"high\" decoding=\"async\" width=\"1913\" height=\"2560\" src=\"https:\/\/na.abetlaminati.com\/wp-content\/uploads\/sites\/8\/2026\/07\/Abet-Laminati-Groundbreaking-2023-07-14-20-scaled.jpg\" class=\"attachment-full size-full wp-image-34145\" alt=\"\" srcset=\"https:\/\/na.abetlaminati.com\/wp-content\/uploads\/sites\/8\/2026\/07\/Abet-Laminati-Groundbreaking-2023-07-14-20-scaled.jpg 1913w, https:\/\/na.abetlaminati.com\/wp-content\/uploads\/sites\/8\/2026\/07\/Abet-Laminati-Groundbreaking-2023-07-14-20-224x300.jpg 224w, https:\/\/na.abetlaminati.com\/wp-content\/uploads\/sites\/8\/2026\/07\/Abet-Laminati-Groundbreaking-2023-07-14-20-765x1024.jpg 765w, https:\/\/na.abetlaminati.com\/wp-content\/uploads\/sites\/8\/2026\/07\/Abet-Laminati-Groundbreaking-2023-07-14-20-768x1028.jpg 768w, https:\/\/na.abetlaminati.com\/wp-content\/uploads\/sites\/8\/2026\/07\/Abet-Laminati-Groundbreaking-2023-07-14-20-1148x1536.jpg 1148w, https:\/\/na.abetlaminati.com\/wp-content\/uploads\/sites\/8\/2026\/07\/Abet-Laminati-Groundbreaking-2023-07-14-20-1530x2048.jpg 1530w\" sizes=\"(max-width: 1913px) 100vw, 1913px\" \/>\t\t\t\t\t\t\t\t\t\t\t\t\t\t\t<\/div>\n\t\t\t\t<\/div>\n\t\t\t\t\t<\/div>\n\t\t<\/div>\n\t\t\t\t\t<\/div>\n\t\t<\/section>\n\t\t\t\t<section class=\"elementor-section elementor-top-section elementor-element elementor-element-40bdb200 elementor-section-boxed elementor-section-height-default elementor-section-height-default\" data-id=\"40bdb200\" data-element_type=\"section\" data-e-type=\"section\">\n\t\t\t\t\t\t<div class=\"elementor-container elementor-column-gap-default\">\n\t\t\t\t\t<div class=\"elementor-column elementor-col-100 elementor-top-column elementor-element elementor-element-469a6c53\" data-id=\"469a6c53\" data-element_type=\"column\" data-e-type=\"column\">\n\t\t\t<div class=\"elementor-widget-wrap elementor-element-populated\">\n\t\t\t\t\t\t<div class=\"elementor-element elementor-element-519ec62a elementor-widget elementor-widget-theme-post-title elementor-page-title elementor-widget-heading\" data-id=\"519ec62a\" data-element_type=\"widget\" data-e-type=\"widget\" data-widget_type=\"theme-post-title.default\">\n\t\t\t\t<div class=\"elementor-widget-container\">\n\t\t\t\t\t<h1 class=\"elementor-heading-title elementor-size-default\">C\u00e9r\u00e9monie d&rsquo;inauguration des travaux \u00e0 Johnson Creek, au Wisconsin<\/h1>\t\t\t\t<\/div>\n\t\t\t\t<\/div>\n\t\t\t\t<div class=\"elementor-element elementor-element-46c6ebd3 elementor-align-center elementor-widget elementor-widget-post-info\" data-id=\"46c6ebd3\" data-element_type=\"widget\" data-e-type=\"widget\" data-widget_type=\"post-info.default\">\n\t\t\t\t<div class=\"elementor-widget-container\">\n\t\t\t\t\t\t\t<ul class=\"elementor-inline-items elementor-icon-list-items elementor-post-info\">\n\t\t\t\t\t\t\t\t<li class=\"elementor-icon-list-item elementor-repeater-item-72e5c62 elementor-inline-item\" itemprop=\"datePublished\">\n\t\t\t\t\t\t<a href=\"https:\/\/na.abetlaminati.com\/fr\/2026\/07\/15\/\">\n\t\t\t\t\t\t\t\t\t\t\t<span class=\"elementor-icon-list-icon\">\n\t\t\t\t\t\t\t\t<i aria-hidden=\"true\" class=\"fas fa-calendar\"><\/i>\t\t\t\t\t\t\t<\/span>\n\t\t\t\t\t\t\t\t\t<span class=\"elementor-icon-list-text elementor-post-info__item elementor-post-info__item--type-date\">\n\t\t\t\t\t\t\t\t\t\t<time>juillet 15, 2026<\/time>\t\t\t\t\t<\/span>\n\t\t\t\t\t\t\t\t\t<\/a>\n\t\t\t\t<\/li>\n\t\t\t\t<li class=\"elementor-icon-list-item elementor-repeater-item-4cb745f elementor-inline-item\" itemprop=\"about\">\n\t\t\t\t\t\t\t\t\t\t<span class=\"elementor-icon-list-icon\">\n\t\t\t\t\t\t\t\t<i aria-hidden=\"true\" class=\"fas fa-tags\"><\/i>\t\t\t\t\t\t\t<\/span>\n\t\t\t\t\t\t\t\t\t<span class=\"elementor-icon-list-text elementor-post-info__item elementor-post-info__item--type-terms\">\n\t\t\t\t\t\t\t\t\t\t<span class=\"elementor-post-info__terms-list\">\n\t\t\t\t<a href=\"https:\/\/na.abetlaminati.com\/fr\/category\/news-fr\/\" class=\"elementor-post-info__terms-list-item\">Actualit\u00e9s<\/a>\t\t\t\t<\/span>\n\t\t\t\t\t<\/span>\n\t\t\t\t\t\t\t\t<\/li>\n\t\t\t\t<\/ul>\n\t\t\t\t\t\t<\/div>\n\t\t\t\t<\/div>\n\t\t\t\t<div class=\"elementor-element elementor-element-742f8be1 elementor-widget elementor-widget-text-editor\" data-id=\"742f8be1\" data-element_type=\"widget\" data-e-type=\"widget\" data-widget_type=\"text-editor.default\">\n\t\t\t\t<div class=\"elementor-widget-container\">\n\t\t\t\t\t\t\t\t\t<div class=\"x_elementToProof\"><span data-olk-copy-source=\"MessageBody\">Abet Laminati a officiellement donn\u00e9 le coup d\u2019envoi des travaux de sa nouvelle usine de production \u00e0 Johnson Creek, au Wisconsin. Il s\u2019agira de la premi\u00e8re usine de l\u2019entreprise \u00e0 l\u2019ext\u00e9rieur de l\u2019Europe,\u00a0<\/span>consacr\u00e9e \u00e0 la conception et \u00e0 la fabrication\u00a0en 70 ans d\u2019histoire.<br \/><br \/><\/div><div class=\"x_elementToProof\">D\u2019une superficie de 230 000 pieds carr\u00e9s, cette nouvelle installation repr\u00e9sente un investissement majeur dans la pr\u00e9sence \u00e0 long terme d\u2019Abet Laminati en Am\u00e9rique du Nord. D\u00e8s 2027, elle permettra d\u2019accro\u00eetre la production destin\u00e9e au march\u00e9 nord-am\u00e9ricain, dans la continuit\u00e9 des bases d\u00e9j\u00e0 \u00e9tablies avec les gammes Stratificato QSP et MEG QSP, fabriqu\u00e9es en Am\u00e9rique du nord. La r\u00e9alisation du projet est men\u00e9e en partenariat avec MSI General, une firme sp\u00e9cialis\u00e9e en conception-construction.<br \/><br \/><\/div><div class=\"x_elementToProof\">Giancesare Drocco, chef de la direction d\u2019Abet Laminati, et Sean Gregory, pr\u00e9sident d\u2019Abet Laminati Am\u00e9rique du Nord, \u00e9taient sur place afin de souligner cette \u00e9tape importante.<\/div><div class=\"x_elementToProof\">\u00a0<\/div><div class=\"x_elementToProof\">Une fois en activit\u00e9, l\u2019usine de Johnson Creek augmentera les capacit\u00e9s de production d\u2019Abet Laminati aux \u00c9tats-Unis. Elle contribuera \u00e9galement \u00e0 maintenir une coh\u00e9rence de design entre les gammes HPL, Stratificato, MEG et les produits sp\u00e9cialis\u00e9s. Les architectes et les designers d\u2019int\u00e9rieur pourront ainsi harmoniser les d\u00e9cors pour toutes les applications d\u2019un m\u00eame projet, incluant la menuiserie architecturale, de nos syst\u00e8mes de protection murale jusqu\u2019au rev\u00eatement ext\u00e9rieur.<\/div>\t\t\t\t\t\t\t\t<\/div>\n\t\t\t\t<\/div>\n\t\t\t\t<div class=\"elementor-element elementor-element-39702196 elementor-widget elementor-widget-video\" data-id=\"39702196\" data-element_type=\"widget\" data-e-type=\"widget\" data-settings=\"{&quot;video_type&quot;:&quot;hosted&quot;,&quot;autoplay&quot;:&quot;yes&quot;,&quot;mute&quot;:&quot;yes&quot;,&quot;loop&quot;:&quot;yes&quot;,&quot;play_on_mobile&quot;:&quot;yes&quot;,&quot;controls&quot;:&quot;yes&quot;}\" data-widget_type=\"video.default\">\n\t\t\t\t<div class=\"elementor-widget-container\">\n\t\t\t\t\t\t\t<div class=\"e-hosted-video elementor-wrapper elementor-open-inline\">\n\t\t\t\t\t<video class=\"elementor-video\" src=\"https:\/\/na.abetlaminati.com\/wp-content\/uploads\/sites\/8\/2026\/07\/07.15.26_New-Factory-Grounbreaking_1200-x-627_FR.mp4\" autoplay=\"\" loop=\"\" controls=\"\" muted=\"muted\" playsinline=\"\" controlsList=\"nodownload\"><\/video>\n\t\t\t\t<\/div>\n\t\t\t\t\t\t<\/div>\n\t\t\t\t<\/div>\n\t\t\t\t<div class=\"elementor-element elementor-element-2842bb55 elementor-widget elementor-widget-gallery\" data-id=\"2842bb55\" data-element_type=\"widget\" data-e-type=\"widget\" data-settings=\"{&quot;gallery_layout&quot;:&quot;justified&quot;,&quot;ideal_row_height&quot;:{&quot;unit&quot;:&quot;px&quot;,&quot;size&quot;:&quot;198&quot;,&quot;sizes&quot;:[]},&quot;lazyload&quot;:&quot;yes&quot;,&quot;ideal_row_height_tablet&quot;:{&quot;unit&quot;:&quot;px&quot;,&quot;size&quot;:150,&quot;sizes&quot;:[]},&quot;ideal_row_height_mobile&quot;:{&quot;unit&quot;:&quot;px&quot;,&quot;size&quot;:150,&quot;sizes&quot;:[]},&quot;gap&quot;:{&quot;unit&quot;:&quot;px&quot;,&quot;size&quot;:10,&quot;sizes&quot;:[]},&quot;gap_tablet&quot;:{&quot;unit&quot;:&quot;px&quot;,&quot;size&quot;:10,&quot;sizes&quot;:[]},&quot;gap_mobile&quot;:{&quot;unit&quot;:&quot;px&quot;,&quot;size&quot;:10,&quot;sizes&quot;:[]},&quot;link_to&quot;:&quot;file&quot;,&quot;overlay_background&quot;:&quot;yes&quot;,&quot;content_hover_animation&quot;:&quot;fade-in&quot;}\" data-widget_type=\"gallery.default\">\n\t\t\t\t<div class=\"elementor-widget-container\">\n\t\t\t\t\t\t\t<div class=\"elementor-gallery__container\">\n\t\t\t\t\t\t\t<a class=\"e-gallery-item elementor-gallery-item elementor-animated-content\" href=\"https:\/\/na.abetlaminati.com\/wp-content\/uploads\/sites\/8\/2026\/07\/Abet-Laminati-Groundbreaking-2023-07-14-17-scaled-1.jpg\" data-elementor-open-lightbox=\"yes\" data-elementor-lightbox-slideshow=\"2842bb55\" data-elementor-lightbox-title=\"Abet-Laminati-Groundbreaking-2023-07-14-17-scaled.jpg\" data-e-action-hash=\"#elementor-action%3Aaction%3Dlightbox%26settings%3DeyJpZCI6MzQxNTgsInVybCI6Imh0dHBzOlwvXC9uYS5hYmV0bGFtaW5hdGkuY29tXC93cC1jb250ZW50XC91cGxvYWRzXC9zaXRlc1wvOFwvMjAyNlwvMDdcL0FiZXQtTGFtaW5hdGktR3JvdW5kYnJlYWtpbmctMjAyMy0wNy0xNC0xNy1zY2FsZWQtMS5qcGciLCJzbGlkZXNob3ciOiIyODQyYmI1NSJ9\">\n\t\t\t\t\t<div class=\"e-gallery-image elementor-gallery-item__image\" data-thumbnail=\"https:\/\/na.abetlaminati.com\/wp-content\/uploads\/sites\/8\/2026\/07\/Abet-Laminati-Groundbreaking-2023-07-14-17-scaled-1-225x300.jpg\" data-width=\"225\" data-height=\"300\" aria-label=\"\" role=\"img\" ><\/div>\n\t\t\t\t\t\t\t\t\t\t\t<div class=\"elementor-gallery-item__overlay\"><\/div>\n\t\t\t\t\t\t\t\t\t\t\t\t\t\t<\/a>\n\t\t\t\t\t\t\t<a class=\"e-gallery-item elementor-gallery-item elementor-animated-content\" href=\"https:\/\/na.abetlaminati.com\/wp-content\/uploads\/sites\/8\/2026\/07\/Abet-Laminati-Groundbreaking-2023-07-14-3-scaled-1.jpg\" data-elementor-open-lightbox=\"yes\" data-elementor-lightbox-slideshow=\"2842bb55\" data-elementor-lightbox-title=\"Abet-Laminati-Groundbreaking-2023-07-14-3-scaled.jpg\" data-e-action-hash=\"#elementor-action%3Aaction%3Dlightbox%26settings%3DeyJpZCI6MzQxNjEsInVybCI6Imh0dHBzOlwvXC9uYS5hYmV0bGFtaW5hdGkuY29tXC93cC1jb250ZW50XC91cGxvYWRzXC9zaXRlc1wvOFwvMjAyNlwvMDdcL0FiZXQtTGFtaW5hdGktR3JvdW5kYnJlYWtpbmctMjAyMy0wNy0xNC0zLXNjYWxlZC0xLmpwZyIsInNsaWRlc2hvdyI6IjI4NDJiYjU1In0%3D\">\n\t\t\t\t\t<div class=\"e-gallery-image elementor-gallery-item__image\" data-thumbnail=\"https:\/\/na.abetlaminati.com\/wp-content\/uploads\/sites\/8\/2026\/07\/Abet-Laminati-Groundbreaking-2023-07-14-3-scaled-1-300x199.jpg\" data-width=\"300\" data-height=\"199\" aria-label=\"\" role=\"img\" ><\/div>\n\t\t\t\t\t\t\t\t\t\t\t<div class=\"elementor-gallery-item__overlay\"><\/div>\n\t\t\t\t\t\t\t\t\t\t\t\t\t\t<\/a>\n\t\t\t\t\t\t\t<a class=\"e-gallery-item elementor-gallery-item elementor-animated-content\" href=\"https:\/\/na.abetlaminati.com\/wp-content\/uploads\/sites\/8\/2026\/07\/Abet-Laminati-Groundbreaking-2023-07-14-19-scaled-1.jpg\" data-elementor-open-lightbox=\"yes\" data-elementor-lightbox-slideshow=\"2842bb55\" data-elementor-lightbox-title=\"Abet-Laminati-Groundbreaking-2023-07-14-19-scaled.jpg\" data-e-action-hash=\"#elementor-action%3Aaction%3Dlightbox%26settings%3DeyJpZCI6MzQxNjQsInVybCI6Imh0dHBzOlwvXC9uYS5hYmV0bGFtaW5hdGkuY29tXC93cC1jb250ZW50XC91cGxvYWRzXC9zaXRlc1wvOFwvMjAyNlwvMDdcL0FiZXQtTGFtaW5hdGktR3JvdW5kYnJlYWtpbmctMjAyMy0wNy0xNC0xOS1zY2FsZWQtMS5qcGciLCJzbGlkZXNob3ciOiIyODQyYmI1NSJ9\">\n\t\t\t\t\t<div class=\"e-gallery-image elementor-gallery-item__image\" data-thumbnail=\"https:\/\/na.abetlaminati.com\/wp-content\/uploads\/sites\/8\/2026\/07\/Abet-Laminati-Groundbreaking-2023-07-14-19-scaled-1-225x300.jpg\" data-width=\"225\" data-height=\"300\" aria-label=\"\" role=\"img\" ><\/div>\n\t\t\t\t\t\t\t\t\t\t\t<div class=\"elementor-gallery-item__overlay\"><\/div>\n\t\t\t\t\t\t\t\t\t\t\t\t\t\t<\/a>\n\t\t\t\t\t\t\t<a class=\"e-gallery-item elementor-gallery-item elementor-animated-content\" href=\"https:\/\/na.abetlaminati.com\/wp-content\/uploads\/sites\/8\/2026\/07\/Abet-Laminati-Groundbreaking-2023-07-14-1-scaled-1.jpg\" data-elementor-open-lightbox=\"yes\" data-elementor-lightbox-slideshow=\"2842bb55\" data-elementor-lightbox-title=\"Abet-Laminati-Groundbreaking-2023-07-14-1-scaled.jpg\" data-e-action-hash=\"#elementor-action%3Aaction%3Dlightbox%26settings%3DeyJpZCI6MzQxNjcsInVybCI6Imh0dHBzOlwvXC9uYS5hYmV0bGFtaW5hdGkuY29tXC93cC1jb250ZW50XC91cGxvYWRzXC9zaXRlc1wvOFwvMjAyNlwvMDdcL0FiZXQtTGFtaW5hdGktR3JvdW5kYnJlYWtpbmctMjAyMy0wNy0xNC0xLXNjYWxlZC0xLmpwZyIsInNsaWRlc2hvdyI6IjI4NDJiYjU1In0%3D\">\n\t\t\t\t\t<div class=\"e-gallery-image elementor-gallery-item__image\" data-thumbnail=\"https:\/\/na.abetlaminati.com\/wp-content\/uploads\/sites\/8\/2026\/07\/Abet-Laminati-Groundbreaking-2023-07-14-1-scaled-1-300x199.jpg\" data-width=\"300\" data-height=\"199\" aria-label=\"\" role=\"img\" ><\/div>\n\t\t\t\t\t\t\t\t\t\t\t<div class=\"elementor-gallery-item__overlay\"><\/div>\n\t\t\t\t\t\t\t\t\t\t\t\t\t\t<\/a>\n\t\t\t\t\t\t\t<a class=\"e-gallery-item elementor-gallery-item elementor-animated-content\" href=\"https:\/\/na.abetlaminati.com\/wp-content\/uploads\/sites\/8\/2026\/07\/Abet-Laminati-Groundbreaking-2023-07-14-16-scaled-1.jpg\" data-elementor-open-lightbox=\"yes\" data-elementor-lightbox-slideshow=\"2842bb55\" data-elementor-lightbox-title=\"Abet-Laminati-Groundbreaking-2023-07-14-16-scaled.jpg\" data-e-action-hash=\"#elementor-action%3Aaction%3Dlightbox%26settings%3DeyJpZCI6MzQxNzAsInVybCI6Imh0dHBzOlwvXC9uYS5hYmV0bGFtaW5hdGkuY29tXC93cC1jb250ZW50XC91cGxvYWRzXC9zaXRlc1wvOFwvMjAyNlwvMDdcL0FiZXQtTGFtaW5hdGktR3JvdW5kYnJlYWtpbmctMjAyMy0wNy0xNC0xNi1zY2FsZWQtMS5qcGciLCJzbGlkZXNob3ciOiIyODQyYmI1NSJ9\">\n\t\t\t\t\t<div class=\"e-gallery-image elementor-gallery-item__image\" data-thumbnail=\"https:\/\/na.abetlaminati.com\/wp-content\/uploads\/sites\/8\/2026\/07\/Abet-Laminati-Groundbreaking-2023-07-14-16-scaled-1-300x199.jpg\" data-width=\"300\" data-height=\"199\" aria-label=\"\" role=\"img\" ><\/div>\n\t\t\t\t\t\t\t\t\t\t\t<div class=\"elementor-gallery-item__overlay\"><\/div>\n\t\t\t\t\t\t\t\t\t\t\t\t\t\t<\/a>\n\t\t\t\t\t<\/div>\n\t\t\t\t\t<\/div>\n\t\t\t\t<\/div>\n\t\t\t\t<div class=\"elementor-element elementor-element-13caf7dc elementor-share-buttons--view-icon elementor-share-buttons--skin-minimal elementor-share-buttons--shape-circle elementor-share-buttons--color-custom elementor-grid-0 elementor-widget elementor-widget-share-buttons\" data-id=\"13caf7dc\" data-element_type=\"widget\" data-e-type=\"widget\" data-widget_type=\"share-buttons.default\">\n\t\t\t\t<div class=\"elementor-widget-container\">\n\t\t\t\t\t\t\t<div class=\"elementor-grid\" role=\"list\">\n\t\t\t\t\t\t\t\t<div class=\"elementor-grid-item\" role=\"listitem\">\n\t\t\t\t\t\t<div class=\"elementor-share-btn elementor-share-btn_twitter\" role=\"button\" tabindex=\"0\" aria-label=\"Partager sur twitter\">\n\t\t\t\t\t\t\t\t\t\t\t\t\t\t\t<span class=\"elementor-share-btn__icon\">\n\t\t\t\t\t\t\t\t<i class=\"fab fa-twitter\" aria-hidden=\"true\"><\/i>\t\t\t\t\t\t\t<\/span>\n\t\t\t\t\t\t\t\t\t\t\t\t\t\t\t\t\t\t\t\t<\/div>\n\t\t\t\t\t<\/div>\n\t\t\t\t\t\t\t\t\t<div class=\"elementor-grid-item\" role=\"listitem\">\n\t\t\t\t\t\t<div class=\"elementor-share-btn elementor-share-btn_facebook\" role=\"button\" tabindex=\"0\" aria-label=\"Partager sur facebook\">\n\t\t\t\t\t\t\t\t\t\t\t\t\t\t\t<span class=\"elementor-share-btn__icon\">\n\t\t\t\t\t\t\t\t<i class=\"fab fa-facebook\" aria-hidden=\"true\"><\/i>\t\t\t\t\t\t\t<\/span>\n\t\t\t\t\t\t\t\t\t\t\t\t\t\t\t\t\t\t\t\t<\/div>\n\t\t\t\t\t<\/div>\n\t\t\t\t\t\t\t\t\t<div class=\"elementor-grid-item\" role=\"listitem\">\n\t\t\t\t\t\t<div class=\"elementor-share-btn elementor-share-btn_linkedin\" role=\"button\" tabindex=\"0\" aria-label=\"Partager sur linkedin\">\n\t\t\t\t\t\t\t\t\t\t\t\t\t\t\t<span class=\"elementor-share-btn__icon\">\n\t\t\t\t\t\t\t\t<i class=\"fab fa-linkedin\" aria-hidden=\"true\"><\/i>\t\t\t\t\t\t\t<\/span>\n\t\t\t\t\t\t\t\t\t\t\t\t\t\t\t\t\t\t\t\t<\/div>\n\t\t\t\t\t<\/div>\n\t\t\t\t\t\t\t\t\t<div class=\"elementor-grid-item\" role=\"listitem\">\n\t\t\t\t\t\t<div class=\"elementor-share-btn elementor-share-btn_pinterest\" role=\"button\" tabindex=\"0\" aria-label=\"Partager sur pinterest\">\n\t\t\t\t\t\t\t\t\t\t\t\t\t\t\t<span class=\"elementor-share-btn__icon\">\n\t\t\t\t\t\t\t\t<i class=\"fab fa-pinterest\" aria-hidden=\"true\"><\/i>\t\t\t\t\t\t\t<\/span>\n\t\t\t\t\t\t\t\t\t\t\t\t\t\t\t\t\t\t\t\t<\/div>\n\t\t\t\t\t<\/div>\n\t\t\t\t\t\t<\/div>\n\t\t\t\t\t\t<\/div>\n\t\t\t\t<\/div>\n\t\t\t\t<div class=\"elementor-element elementor-element-722c2614 elementor-widget elementor-widget-post-navigation\" data-id=\"722c2614\" data-element_type=\"widget\" data-e-type=\"widget\" data-widget_type=\"post-navigation.default\">\n\t\t\t\t<div class=\"elementor-widget-container\">\n\t\t\t\t\t\t\t<div class=\"elementor-post-navigation\" role=\"navigation\" aria-label=\"Navigation de publication\">\n\t\t\t<div class=\"elementor-post-navigation__prev elementor-post-navigation__link\">\n\t\t\t\t<a href=\"https:\/\/na.abetlaminati.com\/fr\/mare-nostrum-a-lhonneur-lors-de-lostuni-design-weekend-2026\/\" rel=\"prev\"><span class=\"post-navigation__arrow-wrapper post-navigation__arrow-prev\"><i aria-hidden=\"true\" class=\"fas fa-caret-left\"><\/i><span class=\"elementor-screen-only\">Pr\u00e9c\u00e9dent<\/span><\/span><span class=\"elementor-post-navigation__link__prev\"><span class=\"post-navigation__prev--label\">Previous<\/span><\/span><\/a>\t\t\t<\/div>\n\t\t\t\t\t\t<div class=\"elementor-post-navigation__next elementor-post-navigation__link\">\n\t\t\t\t\t\t\t<\/div>\n\t\t<\/div>\n\t\t\t\t\t\t<\/div>\n\t\t\t\t<\/div>\n\t\t\t\t\t<\/div>\n\t\t<\/div>\n\t\t\t\t\t<\/div>\n\t\t<\/section>\n\t\t\t\t<\/div>\n\t\t","protected":false},"excerpt":{"rendered":"<p>Abet Laminati inaugure sa premi\u00e8re usine nord-am\u00e9ricaine \u00e0 Johnson Creek, au Wisconsin, avec une production accrue pr\u00e9vue d&rsquo;ici 2027.<\/p>\n","protected":false},"author":100,"featured_media":34145,"comment_status":"closed","ping_status":"closed","sticky":false,"template":"","format":"standard","meta":{"_acf_changed":false,"footnotes":""},"categories":[126],"tags":[],"class_list":["post-34185","post","type-post","status-publish","format-standard","has-post-thumbnail","hentry","category-news-fr"],"acf":[],"yoast_head":"<!-- This site is optimized with the Yoast SEO plugin v25.7 - https:\/\/yoast.com\/wordpress\/plugins\/seo\/ -->\n<title>C\u00e9r\u00e9monie d&#039;inauguration des travaux \u00e0 Johnson Creek, au Wisconsin | ABET Laminati North America<\/title>\n<meta name=\"description\" content=\"Abet Laminati inaugure sa premi\u00e8re usine nord-am\u00e9ricaine \u00e0 Johnson Creek, au Wisconsin, avec une production accrue pr\u00e9vue d&#039;ici 2027.\" \/>\n<meta name=\"robots\" content=\"index, follow, max-snippet:-1, max-image-preview:large, max-video-preview:-1\" \/>\n<link rel=\"canonical\" href=\"https:\/\/na.abetlaminati.com\/fr\/breaking-ground-in-johnson-creek-wisconsin\/\" \/>\n<meta property=\"og:locale\" content=\"fr_FR\" \/>\n<meta property=\"og:type\" content=\"article\" \/>\n<meta property=\"og:title\" content=\"C\u00e9r\u00e9monie d&#039;inauguration des travaux \u00e0 Johnson Creek, au Wisconsin | ABET Laminati North America\" \/>\n<meta property=\"og:description\" content=\"Abet Laminati inaugure sa premi\u00e8re usine nord-am\u00e9ricaine \u00e0 Johnson Creek, au Wisconsin, avec une production accrue pr\u00e9vue d&#039;ici 2027.\" \/>\n<meta property=\"og:url\" content=\"https:\/\/na.abetlaminati.com\/fr\/breaking-ground-in-johnson-creek-wisconsin\/\" \/>\n<meta property=\"og:site_name\" content=\"ABET Laminati North America\" \/>\n<meta property=\"article:published_time\" content=\"2026-07-15T19:19:49+00:00\" \/>\n<meta property=\"article:modified_time\" content=\"2026-07-21T15:28:25+00:00\" \/>\n<meta property=\"og:image\" content=\"https:\/\/na.abetlaminati.com\/wp-content\/uploads\/sites\/8\/2026\/07\/Abet-Laminati-Groundbreaking-2023-07-14-20-scaled.jpg\" \/>\n\t<meta property=\"og:image:width\" content=\"1913\" \/>\n\t<meta property=\"og:image:height\" content=\"2560\" \/>\n\t<meta property=\"og:image:type\" content=\"image\/jpeg\" \/>\n<meta name=\"author\" content=\"abetmarketingus\" \/>\n<script type=\"application\/ld+json\" class=\"yoast-schema-graph\">{\"@context\":\"https:\/\/schema.org\",\"@graph\":[{\"@type\":\"WebPage\",\"@id\":\"https:\/\/na.abetlaminati.com\/fr\/breaking-ground-in-johnson-creek-wisconsin\/\",\"url\":\"https:\/\/na.abetlaminati.com\/fr\/breaking-ground-in-johnson-creek-wisconsin\/\",\"name\":\"C\u00e9r\u00e9monie d'inauguration des travaux \u00e0 Johnson Creek, au Wisconsin | ABET Laminati North America\",\"isPartOf\":{\"@id\":\"https:\/\/na.abetlaminati.com\/#website\"},\"primaryImageOfPage\":{\"@id\":\"https:\/\/na.abetlaminati.com\/fr\/breaking-ground-in-johnson-creek-wisconsin\/#primaryimage\"},\"image\":{\"@id\":\"https:\/\/na.abetlaminati.com\/fr\/breaking-ground-in-johnson-creek-wisconsin\/#primaryimage\"},\"thumbnailUrl\":\"https:\/\/na.abetlaminati.com\/wp-content\/uploads\/sites\/8\/2026\/07\/Abet-Laminati-Groundbreaking-2023-07-14-20-scaled.jpg\",\"datePublished\":\"2026-07-15T19:19:49+00:00\",\"dateModified\":\"2026-07-21T15:28:25+00:00\",\"author\":{\"@id\":\"https:\/\/na.abetlaminati.com\/#\/schema\/person\/fde6f2a2c0051f69d1bc86d66c59ff71\"},\"description\":\"Abet Laminati inaugure sa premi\u00e8re usine nord-am\u00e9ricaine \u00e0 Johnson Creek, au Wisconsin, avec une production accrue pr\u00e9vue d'ici 2027.\",\"breadcrumb\":{\"@id\":\"https:\/\/na.abetlaminati.com\/fr\/breaking-ground-in-johnson-creek-wisconsin\/#breadcrumb\"},\"inLanguage\":\"fr-FR\",\"potentialAction\":[{\"@type\":\"ReadAction\",\"target\":[\"https:\/\/na.abetlaminati.com\/fr\/breaking-ground-in-johnson-creek-wisconsin\/\"]}]},{\"@type\":\"ImageObject\",\"inLanguage\":\"fr-FR\",\"@id\":\"https:\/\/na.abetlaminati.com\/fr\/breaking-ground-in-johnson-creek-wisconsin\/#primaryimage\",\"url\":\"https:\/\/na.abetlaminati.com\/wp-content\/uploads\/sites\/8\/2026\/07\/Abet-Laminati-Groundbreaking-2023-07-14-20-scaled.jpg\",\"contentUrl\":\"https:\/\/na.abetlaminati.com\/wp-content\/uploads\/sites\/8\/2026\/07\/Abet-Laminati-Groundbreaking-2023-07-14-20-scaled.jpg\",\"width\":1913,\"height\":2560,\"caption\":\"Untitled design - 15\"},{\"@type\":\"BreadcrumbList\",\"@id\":\"https:\/\/na.abetlaminati.com\/fr\/breaking-ground-in-johnson-creek-wisconsin\/#breadcrumb\",\"itemListElement\":[{\"@type\":\"ListItem\",\"position\":1,\"name\":\"Home\",\"item\":\"https:\/\/na.abetlaminati.com\/fr\/\"},{\"@type\":\"ListItem\",\"position\":2,\"name\":\"C\u00e9r\u00e9monie d&#8217;inauguration des travaux \u00e0 Johnson Creek, au Wisconsin\"}]},{\"@type\":\"WebSite\",\"@id\":\"https:\/\/na.abetlaminati.com\/#website\",\"url\":\"https:\/\/na.abetlaminati.com\/\",\"name\":\"Abet Laminati\",\"description\":\"High-Quality Laminate Panels\",\"potentialAction\":[{\"@type\":\"SearchAction\",\"target\":{\"@type\":\"EntryPoint\",\"urlTemplate\":\"https:\/\/na.abetlaminati.com\/?s={search_term_string}\"},\"query-input\":{\"@type\":\"PropertyValueSpecification\",\"valueRequired\":true,\"valueName\":\"search_term_string\"}}],\"inLanguage\":\"fr-FR\"},{\"@type\":\"Person\",\"@id\":\"https:\/\/na.abetlaminati.com\/#\/schema\/person\/fde6f2a2c0051f69d1bc86d66c59ff71\",\"name\":\"abetmarketingus\"}]}<\/script>\n<!-- \/ Yoast SEO plugin. -->","yoast_head_json":{"title":"C\u00e9r\u00e9monie d'inauguration des travaux \u00e0 Johnson Creek, au Wisconsin | ABET Laminati North America","description":"Abet Laminati inaugure sa premi\u00e8re usine nord-am\u00e9ricaine \u00e0 Johnson Creek, au Wisconsin, avec une production accrue pr\u00e9vue d'ici 2027.","robots":{"index":"index","follow":"follow","max-snippet":"max-snippet:-1","max-image-preview":"max-image-preview:large","max-video-preview":"max-video-preview:-1"},"canonical":"https:\/\/na.abetlaminati.com\/fr\/breaking-ground-in-johnson-creek-wisconsin\/","og_locale":"fr_FR","og_type":"article","og_title":"C\u00e9r\u00e9monie d'inauguration des travaux \u00e0 Johnson Creek, au Wisconsin | ABET Laminati North America","og_description":"Abet Laminati inaugure sa premi\u00e8re usine nord-am\u00e9ricaine \u00e0 Johnson Creek, au Wisconsin, avec une production accrue pr\u00e9vue d'ici 2027.","og_url":"https:\/\/na.abetlaminati.com\/fr\/breaking-ground-in-johnson-creek-wisconsin\/","og_site_name":"ABET Laminati North America","article_published_time":"2026-07-15T19:19:49+00:00","article_modified_time":"2026-07-21T15:28:25+00:00","og_image":[{"width":1913,"height":2560,"url":"https:\/\/na.abetlaminati.com\/wp-content\/uploads\/sites\/8\/2026\/07\/Abet-Laminati-Groundbreaking-2023-07-14-20-scaled.jpg","type":"image\/jpeg"}],"author":"abetmarketingus","schema":{"@context":"https:\/\/schema.org","@graph":[{"@type":"WebPage","@id":"https:\/\/na.abetlaminati.com\/fr\/breaking-ground-in-johnson-creek-wisconsin\/","url":"https:\/\/na.abetlaminati.com\/fr\/breaking-ground-in-johnson-creek-wisconsin\/","name":"C\u00e9r\u00e9monie d'inauguration des travaux \u00e0 Johnson Creek, au Wisconsin | ABET Laminati North America","isPartOf":{"@id":"https:\/\/na.abetlaminati.com\/#website"},"primaryImageOfPage":{"@id":"https:\/\/na.abetlaminati.com\/fr\/breaking-ground-in-johnson-creek-wisconsin\/#primaryimage"},"image":{"@id":"https:\/\/na.abetlaminati.com\/fr\/breaking-ground-in-johnson-creek-wisconsin\/#primaryimage"},"thumbnailUrl":"https:\/\/na.abetlaminati.com\/wp-content\/uploads\/sites\/8\/2026\/07\/Abet-Laminati-Groundbreaking-2023-07-14-20-scaled.jpg","datePublished":"2026-07-15T19:19:49+00:00","dateModified":"2026-07-21T15:28:25+00:00","author":{"@id":"https:\/\/na.abetlaminati.com\/#\/schema\/person\/fde6f2a2c0051f69d1bc86d66c59ff71"},"description":"Abet Laminati inaugure sa premi\u00e8re usine nord-am\u00e9ricaine \u00e0 Johnson Creek, au Wisconsin, avec une production accrue pr\u00e9vue d'ici 2027.","breadcrumb":{"@id":"https:\/\/na.abetlaminati.com\/fr\/breaking-ground-in-johnson-creek-wisconsin\/#breadcrumb"},"inLanguage":"fr-FR","potentialAction":[{"@type":"ReadAction","target":["https:\/\/na.abetlaminati.com\/fr\/breaking-ground-in-johnson-creek-wisconsin\/"]}]},{"@type":"ImageObject","inLanguage":"fr-FR","@id":"https:\/\/na.abetlaminati.com\/fr\/breaking-ground-in-johnson-creek-wisconsin\/#primaryimage","url":"https:\/\/na.abetlaminati.com\/wp-content\/uploads\/sites\/8\/2026\/07\/Abet-Laminati-Groundbreaking-2023-07-14-20-scaled.jpg","contentUrl":"https:\/\/na.abetlaminati.com\/wp-content\/uploads\/sites\/8\/2026\/07\/Abet-Laminati-Groundbreaking-2023-07-14-20-scaled.jpg","width":1913,"height":2560,"caption":"Untitled design - 15"},{"@type":"BreadcrumbList","@id":"https:\/\/na.abetlaminati.com\/fr\/breaking-ground-in-johnson-creek-wisconsin\/#breadcrumb","itemListElement":[{"@type":"ListItem","position":1,"name":"Home","item":"https:\/\/na.abetlaminati.com\/fr\/"},{"@type":"ListItem","position":2,"name":"C\u00e9r\u00e9monie d&#8217;inauguration des travaux \u00e0 Johnson Creek, au Wisconsin"}]},{"@type":"WebSite","@id":"https:\/\/na.abetlaminati.com\/#website","url":"https:\/\/na.abetlaminati.com\/","name":"Abet Laminati","description":"High-Quality Laminate Panels","potentialAction":[{"@type":"SearchAction","target":{"@type":"EntryPoint","urlTemplate":"https:\/\/na.abetlaminati.com\/?s={search_term_string}"},"query-input":{"@type":"PropertyValueSpecification","valueRequired":true,"valueName":"search_term_string"}}],"inLanguage":"fr-FR"},{"@type":"Person","@id":"https:\/\/na.abetlaminati.com\/#\/schema\/person\/fde6f2a2c0051f69d1bc86d66c59ff71","name":"abetmarketingus"}]}},"_links":{"self":[{"href":"https:\/\/na.abetlaminati.com\/fr\/wp-json\/wp\/v2\/posts\/34185","targetHints":{"allow":["GET"]}}],"collection":[{"href":"https:\/\/na.abetlaminati.com\/fr\/wp-json\/wp\/v2\/posts"}],"about":[{"href":"https:\/\/na.abetlaminati.com\/fr\/wp-json\/wp\/v2\/types\/post"}],"author":[{"embeddable":true,"href":"https:\/\/na.abetlaminati.com\/fr\/wp-json\/wp\/v2\/users\/100"}],"replies":[{"embeddable":true,"href":"https:\/\/na.abetlaminati.com\/fr\/wp-json\/wp\/v2\/comments?post=34185"}],"version-history":[{"count":8,"href":"https:\/\/na.abetlaminati.com\/fr\/wp-json\/wp\/v2\/posts\/34185\/revisions"}],"predecessor-version":[{"id":34221,"href":"https:\/\/na.abetlaminati.com\/fr\/wp-json\/wp\/v2\/posts\/34185\/revisions\/34221"}],"wp:featuredmedia":[{"embeddable":true,"href":"https:\/\/na.abetlaminati.com\/fr\/wp-json\/wp\/v2\/media\/34145"}],"wp:attachment":[{"href":"https:\/\/na.abetlaminati.com\/fr\/wp-json\/wp\/v2\/media?parent=34185"}],"wp:term":[{"taxonomy":"category","embeddable":true,"href":"https:\/\/na.abetlaminati.com\/fr\/wp-json\/wp\/v2\/categories?post=34185"},{"taxonomy":"post_tag","embeddable":true,"href":"https:\/\/na.abetlaminati.com\/fr\/wp-json\/wp\/v2\/tags?post=34185"}],"curies":[{"name":"wp","href":"https:\/\/api.w.org\/{rel}","templated":true}]}}